{"id":5485,"date":"2019-10-16T09:35:04","date_gmt":"2019-10-16T07:35:04","guid":{"rendered":"http:\/\/timgabor.hu\/?p=5485"},"modified":"2019-10-16T09:35:43","modified_gmt":"2019-10-16T07:35:43","slug":"the-runner-up","status":"publish","type":"post","link":"https:\/\/timgabor.hu\/en\/the-runner-up\/","title":{"rendered":"The Runner-Up"},"content":{"rendered":"<p>Only one question left open before the last race of the season. The duo wanted to keep their second place in championship standings.  <\/p>\n\n\n\n<p>Tim\u2019s last season finished on 5th place overall. His pace would have been enough for a victory this year, but he wasn\u2019t lucky at all. Many technical issues led to the last race, Mecsek Rallye.  <\/p>\n\n\n\n<p>Their race was sadly short. They finished 3rd on prologue, aswell as on SS1. On SS2, a puncture occured, so they finished with a big disadvantage there.  <\/p>\n\n\n\n<p>After a short inspection, they\u2019ve found a broken brake tube, and many more small problem, so they needed to give up the race. On the other side they were lucky, because their opponents had their difficulties aswell, so Tim and Timar managed to end the season in 2nd place overall.  <\/p>\n\n\n\n<blockquote class=\"wp-block-quote is-layout-flow wp-block-quote-is-layout-flow\"><p><strong>\u201cI think that was my first mistake. I haven\u2019t noticed a concrete block, and it completely destroyed our wheel. On our track walk it wasn\u2019t there, and others hit it aswell. I wanted to finish on podium on our last race this season, but that\u2019s how it is. I\u2019m not satisfied, because we lost many big chances, but I\u2019ll get back stronger. Thanks for my team for the great support. <\/strong><\/p><\/blockquote>\n\n\n\n<figure class=\"wp-block-image\"><a href=\"http:\/\/timgabor.hu\/wp-content\/uploads\/2019\/10\/2019.jpg\"><img fetchpriority=\"high\" decoding=\"async\" width=\"1080\" height=\"1080\" src=\"http:\/\/timgabor.hu\/wp-content\/uploads\/2019\/10\/2019-1080x1080.jpg\" alt=\"\" class=\"wp-image-5482\" srcset=\"https:\/\/timgabor.hu\/wp-content\/uploads\/2019\/10\/2019-1080x1080.jpg 1080w, https:\/\/timgabor.hu\/wp-content\/uploads\/2019\/10\/2019-150x150.jpg 150w, https:\/\/timgabor.hu\/wp-content\/uploads\/2019\/10\/2019.jpg 1920w\" sizes=\"(max-width: 1080px) 100vw, 1080px\" \/><\/a><\/figure>","protected":false},"excerpt":{"rendered":"<p>Only one question left open before the last race of the season. The duo wanted to keep their second place in championship standings. Tim\u2019s last season finished on 5th place overall. His pace would have been enough for a victory this year, but he wasn\u2019t lucky at all. Many technical issues led to the last [&hellip;]<\/p>\n","protected":false},"author":1,"featured_media":5486,"comment_status":"open","ping_status":"open","sticky":false,"template":"","format":"standard","meta":{"footnotes":""},"categories":[102,9],"tags":[131,130,115],"class_list":["post-5485","post","type-post","status-publish","format-standard","has-post-thumbnail","hentry","category-english","category-minirally","tag-championship","tag-mecsek-rallye","tag-rallye2"],"yoast_head":"<!-- This site is optimized with the Yoast SEO plugin v27.4 - https:\/\/yoast.com\/product\/yoast-seo-wordpress\/ -->\n<title>The Runner-Up - TimGabor.hu<\/title>\n<meta name=\"robots\" content=\"index, follow, max-snippet:-1, max-image-preview:large, max-video-preview:-1\" \/>\n<link rel=\"canonical\" href=\"https:\/\/timgabor.hu\/en\/the-runner-up\/\" \/>\n<meta property=\"og:locale\" content=\"en_GB\" \/>\n<meta property=\"og:type\" content=\"article\" \/>\n<meta property=\"og:title\" content=\"The Runner-Up - TimGabor.hu\" \/>\n<meta property=\"og:description\" content=\"Only one question left open before the last race of the season. The duo wanted to keep their second place in championship standings. Tim\u2019s last season finished on 5th place overall. His pace would have been enough for a victory this year, but he wasn\u2019t lucky at all. Many technical issues led to the last [&hellip;]\" \/>\n<meta property=\"og:url\" content=\"https:\/\/timgabor.hu\/en\/the-runner-up\/\" \/>\n<meta property=\"og:site_name\" content=\"TimGabor.hu\" \/>\n<meta property=\"article:published_time\" content=\"2019-10-16T07:35:04+00:00\" \/>\n<meta property=\"article:modified_time\" content=\"2019-10-16T07:35:43+00:00\" \/>\n<meta property=\"og:image\" content=\"https:\/\/timgabor.hu\/wp-content\/uploads\/2019\/10\/tim_mecsek_2019_0037.jpg\" \/>\n\t<meta property=\"og:image:width\" content=\"1920\" \/>\n\t<meta property=\"og:image:height\" content=\"1080\" \/>\n\t<meta property=\"og:image:type\" content=\"image\/jpeg\" \/>\n<meta name=\"author\" content=\"emerico\" \/>\n<meta name=\"twitter:card\" content=\"summary_large_image\" \/>\n<meta name=\"twitter:label1\" content=\"Written by\" \/>\n\t<meta name=\"twitter:data1\" content=\"emerico\" \/>\n\t<meta name=\"twitter:label2\" content=\"Est. reading time\" \/>\n\t<meta name=\"twitter:data2\" content=\"1 minute\" \/>\n<script type=\"application\/ld+json\" class=\"yoast-schema-graph\">{\"@context\":\"https:\\\/\\\/schema.org\",\"@graph\":[{\"@type\":\"Article\",\"@id\":\"https:\\\/\\\/timgabor.hu\\\/the-runner-up\\\/#article\",\"isPartOf\":{\"@id\":\"https:\\\/\\\/timgabor.hu\\\/the-runner-up\\\/\"},\"author\":{\"name\":\"emerico\",\"@id\":\"https:\\\/\\\/timgabor.hu\\\/#\\\/schema\\\/person\\\/226226f5bdfe2a1cf1501afbb75ebd6a\"},\"headline\":\"The Runner-Up\",\"datePublished\":\"2019-10-16T07:35:04+00:00\",\"dateModified\":\"2019-10-16T07:35:43+00:00\",\"mainEntityOfPage\":{\"@id\":\"https:\\\/\\\/timgabor.hu\\\/the-runner-up\\\/\"},\"wordCount\":215,\"commentCount\":0,\"publisher\":{\"@id\":\"https:\\\/\\\/timgabor.hu\\\/#\\\/schema\\\/person\\\/226226f5bdfe2a1cf1501afbb75ebd6a\"},\"image\":{\"@id\":\"https:\\\/\\\/timgabor.hu\\\/the-runner-up\\\/#primaryimage\"},\"thumbnailUrl\":\"https:\\\/\\\/timgabor.hu\\\/wp-content\\\/uploads\\\/2019\\\/10\\\/tim_mecsek_2019_0037.jpg\",\"keywords\":[\"Championship\",\"Mecsek Rallye\",\"Rallye2\"],\"articleSection\":[\"English\",\"Rallye\"],\"inLanguage\":\"en-GB\",\"potentialAction\":[{\"@type\":\"CommentAction\",\"name\":\"Comment\",\"target\":[\"https:\\\/\\\/timgabor.hu\\\/the-runner-up\\\/#respond\"]}]},{\"@type\":\"WebPage\",\"@id\":\"https:\\\/\\\/timgabor.hu\\\/the-runner-up\\\/\",\"url\":\"https:\\\/\\\/timgabor.hu\\\/the-runner-up\\\/\",\"name\":\"The Runner-Up - TimGabor.hu\",\"isPartOf\":{\"@id\":\"https:\\\/\\\/timgabor.hu\\\/#website\"},\"primaryImageOfPage\":{\"@id\":\"https:\\\/\\\/timgabor.hu\\\/the-runner-up\\\/#primaryimage\"},\"image\":{\"@id\":\"https:\\\/\\\/timgabor.hu\\\/the-runner-up\\\/#primaryimage\"},\"thumbnailUrl\":\"https:\\\/\\\/timgabor.hu\\\/wp-content\\\/uploads\\\/2019\\\/10\\\/tim_mecsek_2019_0037.jpg\",\"datePublished\":\"2019-10-16T07:35:04+00:00\",\"dateModified\":\"2019-10-16T07:35:43+00:00\",\"breadcrumb\":{\"@id\":\"https:\\\/\\\/timgabor.hu\\\/the-runner-up\\\/#breadcrumb\"},\"inLanguage\":\"en-GB\",\"potentialAction\":[{\"@type\":\"ReadAction\",\"target\":[\"https:\\\/\\\/timgabor.hu\\\/the-runner-up\\\/\"]}]},{\"@type\":\"ImageObject\",\"inLanguage\":\"en-GB\",\"@id\":\"https:\\\/\\\/timgabor.hu\\\/the-runner-up\\\/#primaryimage\",\"url\":\"https:\\\/\\\/timgabor.hu\\\/wp-content\\\/uploads\\\/2019\\\/10\\\/tim_mecsek_2019_0037.jpg\",\"contentUrl\":\"https:\\\/\\\/timgabor.hu\\\/wp-content\\\/uploads\\\/2019\\\/10\\\/tim_mecsek_2019_0037.jpg\",\"width\":1920,\"height\":1080},{\"@type\":\"BreadcrumbList\",\"@id\":\"https:\\\/\\\/timgabor.hu\\\/the-runner-up\\\/#breadcrumb\",\"itemListElement\":[{\"@type\":\"ListItem\",\"position\":1,\"name\":\"Kezd\u0151lap\",\"item\":\"https:\\\/\\\/timgabor.hu\\\/\"},{\"@type\":\"ListItem\",\"position\":2,\"name\":\"The Runner-Up\"}]},{\"@type\":\"WebSite\",\"@id\":\"https:\\\/\\\/timgabor.hu\\\/#website\",\"url\":\"https:\\\/\\\/timgabor.hu\\\/\",\"name\":\"TimGabor.hu\",\"description\":\"Tim G\u00e1bor hivatalos weboldala \\\/ H\u00e9tszeres bajnok aut\u00f3versenyz\u0151\",\"publisher\":{\"@id\":\"https:\\\/\\\/timgabor.hu\\\/#\\\/schema\\\/person\\\/226226f5bdfe2a1cf1501afbb75ebd6a\"},\"potentialAction\":[{\"@type\":\"SearchAction\",\"target\":{\"@type\":\"EntryPoint\",\"urlTemplate\":\"https:\\\/\\\/timgabor.hu\\\/?s={search_term_string}\"},\"query-input\":{\"@type\":\"PropertyValueSpecification\",\"valueRequired\":true,\"valueName\":\"search_term_string\"}}],\"inLanguage\":\"en-GB\"},{\"@type\":[\"Person\",\"Organization\"],\"@id\":\"https:\\\/\\\/timgabor.hu\\\/#\\\/schema\\\/person\\\/226226f5bdfe2a1cf1501afbb75ebd6a\",\"name\":\"emerico\",\"image\":{\"@type\":\"ImageObject\",\"inLanguage\":\"en-GB\",\"@id\":\"https:\\\/\\\/timgabor.hu\\\/wp-content\\\/uploads\\\/2021\\\/09\\\/timgabor2022-350x100-1.svg\",\"url\":\"https:\\\/\\\/timgabor.hu\\\/wp-content\\\/uploads\\\/2021\\\/09\\\/timgabor2022-350x100-1.svg\",\"contentUrl\":\"https:\\\/\\\/timgabor.hu\\\/wp-content\\\/uploads\\\/2021\\\/09\\\/timgabor2022-350x100-1.svg\",\"width\":350,\"height\":100,\"caption\":\"emerico\"},\"logo\":{\"@id\":\"https:\\\/\\\/timgabor.hu\\\/wp-content\\\/uploads\\\/2021\\\/09\\\/timgabor2022-350x100-1.svg\"},\"url\":\"https:\\\/\\\/timgabor.hu\\\/en\\\/author\\\/emerico\\\/\"}]}<\/script>\n<!-- \/ Yoast SEO plugin. -->","yoast_head_json":{"title":"The Runner-Up - TimGabor.hu","robots":{"index":"index","follow":"follow","max-snippet":"max-snippet:-1","max-image-preview":"max-image-preview:large","max-video-preview":"max-video-preview:-1"},"canonical":"https:\/\/timgabor.hu\/en\/the-runner-up\/","og_locale":"en_GB","og_type":"article","og_title":"The Runner-Up - TimGabor.hu","og_description":"Only one question left open before the last race of the season. The duo wanted to keep their second place in championship standings. Tim\u2019s last season finished on 5th place overall. His pace would have been enough for a victory this year, but he wasn\u2019t lucky at all. Many technical issues led to the last [&hellip;]","og_url":"https:\/\/timgabor.hu\/en\/the-runner-up\/","og_site_name":"TimGabor.hu","article_published_time":"2019-10-16T07:35:04+00:00","article_modified_time":"2019-10-16T07:35:43+00:00","og_image":[{"width":1920,"height":1080,"url":"https:\/\/timgabor.hu\/wp-content\/uploads\/2019\/10\/tim_mecsek_2019_0037.jpg","type":"image\/jpeg"}],"author":"emerico","twitter_card":"summary_large_image","twitter_misc":{"Written by":"emerico","Est. reading time":"1 minute"},"schema":{"@context":"https:\/\/schema.org","@graph":[{"@type":"Article","@id":"https:\/\/timgabor.hu\/the-runner-up\/#article","isPartOf":{"@id":"https:\/\/timgabor.hu\/the-runner-up\/"},"author":{"name":"emerico","@id":"https:\/\/timgabor.hu\/#\/schema\/person\/226226f5bdfe2a1cf1501afbb75ebd6a"},"headline":"The Runner-Up","datePublished":"2019-10-16T07:35:04+00:00","dateModified":"2019-10-16T07:35:43+00:00","mainEntityOfPage":{"@id":"https:\/\/timgabor.hu\/the-runner-up\/"},"wordCount":215,"commentCount":0,"publisher":{"@id":"https:\/\/timgabor.hu\/#\/schema\/person\/226226f5bdfe2a1cf1501afbb75ebd6a"},"image":{"@id":"https:\/\/timgabor.hu\/the-runner-up\/#primaryimage"},"thumbnailUrl":"https:\/\/timgabor.hu\/wp-content\/uploads\/2019\/10\/tim_mecsek_2019_0037.jpg","keywords":["Championship","Mecsek Rallye","Rallye2"],"articleSection":["English","Rallye"],"inLanguage":"en-GB","potentialAction":[{"@type":"CommentAction","name":"Comment","target":["https:\/\/timgabor.hu\/the-runner-up\/#respond"]}]},{"@type":"WebPage","@id":"https:\/\/timgabor.hu\/the-runner-up\/","url":"https:\/\/timgabor.hu\/the-runner-up\/","name":"The Runner-Up - TimGabor.hu","isPartOf":{"@id":"https:\/\/timgabor.hu\/#website"},"primaryImageOfPage":{"@id":"https:\/\/timgabor.hu\/the-runner-up\/#primaryimage"},"image":{"@id":"https:\/\/timgabor.hu\/the-runner-up\/#primaryimage"},"thumbnailUrl":"https:\/\/timgabor.hu\/wp-content\/uploads\/2019\/10\/tim_mecsek_2019_0037.jpg","datePublished":"2019-10-16T07:35:04+00:00","dateModified":"2019-10-16T07:35:43+00:00","breadcrumb":{"@id":"https:\/\/timgabor.hu\/the-runner-up\/#breadcrumb"},"inLanguage":"en-GB","potentialAction":[{"@type":"ReadAction","target":["https:\/\/timgabor.hu\/the-runner-up\/"]}]},{"@type":"ImageObject","inLanguage":"en-GB","@id":"https:\/\/timgabor.hu\/the-runner-up\/#primaryimage","url":"https:\/\/timgabor.hu\/wp-content\/uploads\/2019\/10\/tim_mecsek_2019_0037.jpg","contentUrl":"https:\/\/timgabor.hu\/wp-content\/uploads\/2019\/10\/tim_mecsek_2019_0037.jpg","width":1920,"height":1080},{"@type":"BreadcrumbList","@id":"https:\/\/timgabor.hu\/the-runner-up\/#breadcrumb","itemListElement":[{"@type":"ListItem","position":1,"name":"Kezd\u0151lap","item":"https:\/\/timgabor.hu\/"},{"@type":"ListItem","position":2,"name":"The Runner-Up"}]},{"@type":"WebSite","@id":"https:\/\/timgabor.hu\/#website","url":"https:\/\/timgabor.hu\/","name":"TimGabor.hu","description":"Tim G\u00e1bor hivatalos weboldala \/ H\u00e9tszeres bajnok aut\u00f3versenyz\u0151","publisher":{"@id":"https:\/\/timgabor.hu\/#\/schema\/person\/226226f5bdfe2a1cf1501afbb75ebd6a"},"potentialAction":[{"@type":"SearchAction","target":{"@type":"EntryPoint","urlTemplate":"https:\/\/timgabor.hu\/?s={search_term_string}"},"query-input":{"@type":"PropertyValueSpecification","valueRequired":true,"valueName":"search_term_string"}}],"inLanguage":"en-GB"},{"@type":["Person","Organization"],"@id":"https:\/\/timgabor.hu\/#\/schema\/person\/226226f5bdfe2a1cf1501afbb75ebd6a","name":"emerico","image":{"@type":"ImageObject","inLanguage":"en-GB","@id":"https:\/\/timgabor.hu\/wp-content\/uploads\/2021\/09\/timgabor2022-350x100-1.svg","url":"https:\/\/timgabor.hu\/wp-content\/uploads\/2021\/09\/timgabor2022-350x100-1.svg","contentUrl":"https:\/\/timgabor.hu\/wp-content\/uploads\/2021\/09\/timgabor2022-350x100-1.svg","width":350,"height":100,"caption":"emerico"},"logo":{"@id":"https:\/\/timgabor.hu\/wp-content\/uploads\/2021\/09\/timgabor2022-350x100-1.svg"},"url":"https:\/\/timgabor.hu\/en\/author\/emerico\/"}]}},"_links":{"self":[{"href":"https:\/\/timgabor.hu\/en\/wp-json\/wp\/v2\/posts\/5485","targetHints":{"allow":["GET"]}}],"collection":[{"href":"https:\/\/timgabor.hu\/en\/wp-json\/wp\/v2\/posts"}],"about":[{"href":"https:\/\/timgabor.hu\/en\/wp-json\/wp\/v2\/types\/post"}],"author":[{"embeddable":true,"href":"https:\/\/timgabor.hu\/en\/wp-json\/wp\/v2\/users\/1"}],"replies":[{"embeddable":true,"href":"https:\/\/timgabor.hu\/en\/wp-json\/wp\/v2\/comments?post=5485"}],"version-history":[{"count":2,"href":"https:\/\/timgabor.hu\/en\/wp-json\/wp\/v2\/posts\/5485\/revisions"}],"predecessor-version":[{"id":5488,"href":"https:\/\/timgabor.hu\/en\/wp-json\/wp\/v2\/posts\/5485\/revisions\/5488"}],"wp:featuredmedia":[{"embeddable":true,"href":"https:\/\/timgabor.hu\/en\/wp-json\/wp\/v2\/media\/5486"}],"wp:attachment":[{"href":"https:\/\/timgabor.hu\/en\/wp-json\/wp\/v2\/media?parent=5485"}],"wp:term":[{"taxonomy":"category","embeddable":true,"href":"https:\/\/timgabor.hu\/en\/wp-json\/wp\/v2\/categories?post=5485"},{"taxonomy":"post_tag","embeddable":true,"href":"https:\/\/timgabor.hu\/en\/wp-json\/wp\/v2\/tags?post=5485"}],"curies":[{"name":"wp","href":"https:\/\/api.w.org\/{rel}","templated":true}]}}