{"id":3369,"date":"2014-06-17T17:09:04","date_gmt":"2014-06-17T15:09:04","guid":{"rendered":"http:\/\/timgabor.hu\/gabortim2010\/?p=3369"},"modified":"2014-06-17T20:03:25","modified_gmt":"2014-06-17T18:03:25","slug":"masodik-felido-jon-pannoniaring","status":"publish","type":"post","link":"https:\/\/timgabor.hu\/en\/masodik-felido-jon-pannoniaring\/","title":{"rendered":"M\u00e1sodik f\u00e9lid\u0151! J\u00f6n Pannoniaring"},"content":{"rendered":"<p>J\u00f3l indult a 2014-es id\u00e9ny, az RCM Cup els\u0151 n\u00e9gy verseny\u00e9n felv\u00e1ltva j\u00f6ttek a gy\u0151zelmek \u00e9s a m\u00e1sodik helyek. 13 pontos el\u0151ny\u00fcnk volt Slovakiaring el\u0151tt, ami sajnos nem j\u00f6tt \u00f6ssze. F\u00e9kprobl\u00e9ma, kics\u00fasz\u00e1s, v\u00edz\u00e1tfoly\u00e1s, volt itt minden, csak j\u00f3 eredm\u00e9ny nem. Igaz az\u00e9rt a m\u00e1sodik futamon a m\u00e1sodik hely az\u00e9rt fontos volt. L\u00e9nyeg a l\u00e9nyeg, most 7 pont a h\u00e1tr\u00e1ny Nagy Dani m\u00f6g\u00f6tt, nincs messze, foghat\u00f3.<\/p>\n<p>R\u00e1ad\u00e1sul ez a p\u00e1lya eddig fek\u00fcdt G\u00e1bornak, igaz itt a szerencs\u00e9vel is hadil\u00e1bon \u00e1llt. Tavaly beugr\u00f3k\u00e9nt <a href=\"http:\/\/timgabor.hu\/en\/gabortim2010\/?p=2839\" target=\"_blank\">ment itt a Suzuki Kup\u00e1ban<\/a>, de egyszer egy gumib\u00e1l\u00e1t d\u00f6nt\u00f6ttek el\u00e9, ami sz\u00e9t\u00fct\u00f6tte a kocsij\u00e1t, majd kil\u00f6kt\u00e9k a versenyb\u0151l. 2011-ben a bajnoki \u00e9vben egy dupl\u00e1t dobott itt G\u00e1bor, azaz <a href=\"http:\/\/timgabor.hu\/en\/gabortim2010\/?p=1912\" target=\"_blank\">mindk\u00e9t futamot megnyerte<\/a>, ilyesmi most is j\u00f3 lenne.<\/p>\n<p>A riv\u00e1lisok m\u00e1r tesztelnek a p\u00e1ly\u00e1n, \u00edgy lesz egy pici h\u00e1tr\u00e1nyunk, igaz, mi az \u00e9v elej\u00e9n j\u00e1rtunk m\u00e1r itt, nem lesz gond. Fontos lesz a t\u00f6k\u00e9letes be\u00e1ll\u00edt\u00e1s, mert az \u00faj Hankook gumik \u00e9rz\u00e9kenyek lesznek a nagyobb kop\u00e1sra, ami ezt a p\u00e1ly\u00e1t jellemzi.<\/p>\n<p>V\u00e1rjuk m\u00e1r nagyon a h\u00e9tv\u00e9g\u00e9t, \u00edme a program, aki teheti, l\u00e1togasson ki:<\/p>\n<p><a href=\"http:\/\/timgabor.hu\/gabortim2010\/wp-content\/uploads\/2014\/06\/timetable.jpg\"><img fetchpriority=\"high\" decoding=\"async\" class=\"aligncenter size-large wp-image-3371\" src=\"http:\/\/timgabor.hu\/gabortim2010\/wp-content\/uploads\/2014\/06\/timetable-473x1024.jpg\" alt=\"timetable\" width=\"473\" height=\"1024\" srcset=\"https:\/\/timgabor.hu\/wp-content\/uploads\/2014\/06\/timetable-473x1024.jpg 473w, https:\/\/timgabor.hu\/wp-content\/uploads\/2014\/06\/timetable-138x300.jpg 138w, https:\/\/timgabor.hu\/wp-content\/uploads\/2014\/06\/timetable.jpg 854w\" sizes=\"(max-width: 473px) 100vw, 473px\" \/><\/a><\/p>","protected":false},"excerpt":{"rendered":"<p>J\u00f3l indult a 2014-es id\u00e9ny, az RCM Cup els\u0151 n\u00e9gy verseny\u00e9n felv\u00e1ltva j\u00f6ttek a gy\u0151zelmek \u00e9s a m\u00e1sodik helyek. 13 pontos el\u0151ny\u00fcnk volt Slovakiaring el\u0151tt, ami sajnos nem j\u00f6tt \u00f6ssze. F\u00e9kprobl\u00e9ma, kics\u00fasz\u00e1s, v\u00edz\u00e1tfoly\u00e1s, volt itt minden, csak j\u00f3 eredm\u00e9ny nem. Igaz az\u00e9rt a m\u00e1sodik futamon a m\u00e1sodik hely az\u00e9rt fontos volt. L\u00e9nyeg a l\u00e9nyeg, most [&hellip;]<\/p>\n","protected":false},"author":1,"featured_media":3370,"comment_status":"open","ping_status":"open","sticky":false,"template":"","format":"standard","meta":{"footnotes":""},"categories":[3,64],"tags":[95,86,25,65,69],"class_list":["post-3369","post","type-post","status-publish","format-standard","has-post-thumbnail","hentry","category-hirek","category-rcm-cup","tag-95","tag-hirek","tag-pannoniaring","tag-rcm-cup-2","tag-twitter"],"yoast_head":"<!-- This site is optimized with the Yoast SEO plugin v27.4 - https:\/\/yoast.com\/product\/yoast-seo-wordpress\/ -->\n<title>M\u00e1sodik f\u00e9lid\u0151! J\u00f6n Pannoniaring - TimGabor.hu<\/title>\n<meta name=\"robots\" content=\"index, follow, max-snippet:-1, max-image-preview:large, max-video-preview:-1\" \/>\n<link rel=\"canonical\" href=\"https:\/\/timgabor.hu\/en\/masodik-felido-jon-pannoniaring\/\" \/>\n<meta property=\"og:locale\" content=\"en_GB\" \/>\n<meta property=\"og:type\" content=\"article\" \/>\n<meta property=\"og:title\" content=\"M\u00e1sodik f\u00e9lid\u0151! J\u00f6n Pannoniaring - TimGabor.hu\" \/>\n<meta property=\"og:description\" content=\"J\u00f3l indult a 2014-es id\u00e9ny, az RCM Cup els\u0151 n\u00e9gy verseny\u00e9n felv\u00e1ltva j\u00f6ttek a gy\u0151zelmek \u00e9s a m\u00e1sodik helyek. 13 pontos el\u0151ny\u00fcnk volt Slovakiaring el\u0151tt, ami sajnos nem j\u00f6tt \u00f6ssze. F\u00e9kprobl\u00e9ma, kics\u00fasz\u00e1s, v\u00edz\u00e1tfoly\u00e1s, volt itt minden, csak j\u00f3 eredm\u00e9ny nem. Igaz az\u00e9rt a m\u00e1sodik futamon a m\u00e1sodik hely az\u00e9rt fontos volt. L\u00e9nyeg a l\u00e9nyeg, most [&hellip;]\" \/>\n<meta property=\"og:url\" content=\"https:\/\/timgabor.hu\/en\/masodik-felido-jon-pannoniaring\/\" \/>\n<meta property=\"og:site_name\" content=\"TimGabor.hu\" \/>\n<meta property=\"article:published_time\" content=\"2014-06-17T15:09:04+00:00\" \/>\n<meta property=\"article:modified_time\" content=\"2014-06-17T18:03:25+00:00\" \/>\n<meta property=\"og:image\" content=\"https:\/\/timgabor.hu\/wp-content\/uploads\/2014\/06\/speedlightphoto_apex_szlovakiaring_24.jpg\" \/>\n\t<meta property=\"og:image:width\" content=\"1280\" \/>\n\t<meta property=\"og:image:height\" content=\"720\" \/>\n\t<meta property=\"og:image:type\" content=\"image\/jpeg\" \/>\n<meta name=\"author\" content=\"emerico\" \/>\n<meta name=\"twitter:card\" content=\"summary_large_image\" \/>\n<meta name=\"twitter:label1\" content=\"Written by\" \/>\n\t<meta name=\"twitter:data1\" content=\"emerico\" \/>\n\t<meta name=\"twitter:label2\" content=\"Est. reading time\" \/>\n\t<meta name=\"twitter:data2\" content=\"1 minute\" \/>\n<script type=\"application\/ld+json\" class=\"yoast-schema-graph\">{\"@context\":\"https:\\\/\\\/schema.org\",\"@graph\":[{\"@type\":\"Article\",\"@id\":\"https:\\\/\\\/timgabor.hu\\\/masodik-felido-jon-pannoniaring\\\/#article\",\"isPartOf\":{\"@id\":\"https:\\\/\\\/timgabor.hu\\\/masodik-felido-jon-pannoniaring\\\/\"},\"author\":{\"name\":\"emerico\",\"@id\":\"https:\\\/\\\/timgabor.hu\\\/#\\\/schema\\\/person\\\/226226f5bdfe2a1cf1501afbb75ebd6a\"},\"headline\":\"M\u00e1sodik f\u00e9lid\u0151! J\u00f6n Pannoniaring\",\"datePublished\":\"2014-06-17T15:09:04+00:00\",\"dateModified\":\"2014-06-17T18:03:25+00:00\",\"mainEntityOfPage\":{\"@id\":\"https:\\\/\\\/timgabor.hu\\\/masodik-felido-jon-pannoniaring\\\/\"},\"wordCount\":255,\"commentCount\":0,\"publisher\":{\"@id\":\"https:\\\/\\\/timgabor.hu\\\/#\\\/schema\\\/person\\\/226226f5bdfe2a1cf1501afbb75ebd6a\"},\"image\":{\"@id\":\"https:\\\/\\\/timgabor.hu\\\/masodik-felido-jon-pannoniaring\\\/#primaryimage\"},\"thumbnailUrl\":\"https:\\\/\\\/timgabor.hu\\\/wp-content\\\/uploads\\\/2014\\\/06\\\/speedlightphoto_apex_szlovakiaring_24.jpg\",\"keywords\":[\"2014\",\"H\u00edrek \\\/ News\",\"pannoniaring\",\"rcm cup\",\"twitter\"],\"articleSection\":[\"H\u00edrek\",\"RCM Cup\"],\"inLanguage\":\"en-GB\",\"potentialAction\":[{\"@type\":\"CommentAction\",\"name\":\"Comment\",\"target\":[\"https:\\\/\\\/timgabor.hu\\\/masodik-felido-jon-pannoniaring\\\/#respond\"]}]},{\"@type\":\"WebPage\",\"@id\":\"https:\\\/\\\/timgabor.hu\\\/masodik-felido-jon-pannoniaring\\\/\",\"url\":\"https:\\\/\\\/timgabor.hu\\\/masodik-felido-jon-pannoniaring\\\/\",\"name\":\"M\u00e1sodik f\u00e9lid\u0151! J\u00f6n Pannoniaring - TimGabor.hu\",\"isPartOf\":{\"@id\":\"https:\\\/\\\/timgabor.hu\\\/#website\"},\"primaryImageOfPage\":{\"@id\":\"https:\\\/\\\/timgabor.hu\\\/masodik-felido-jon-pannoniaring\\\/#primaryimage\"},\"image\":{\"@id\":\"https:\\\/\\\/timgabor.hu\\\/masodik-felido-jon-pannoniaring\\\/#primaryimage\"},\"thumbnailUrl\":\"https:\\\/\\\/timgabor.hu\\\/wp-content\\\/uploads\\\/2014\\\/06\\\/speedlightphoto_apex_szlovakiaring_24.jpg\",\"datePublished\":\"2014-06-17T15:09:04+00:00\",\"dateModified\":\"2014-06-17T18:03:25+00:00\",\"breadcrumb\":{\"@id\":\"https:\\\/\\\/timgabor.hu\\\/masodik-felido-jon-pannoniaring\\\/#breadcrumb\"},\"inLanguage\":\"en-GB\",\"potentialAction\":[{\"@type\":\"ReadAction\",\"target\":[\"https:\\\/\\\/timgabor.hu\\\/masodik-felido-jon-pannoniaring\\\/\"]}]},{\"@type\":\"ImageObject\",\"inLanguage\":\"en-GB\",\"@id\":\"https:\\\/\\\/timgabor.hu\\\/masodik-felido-jon-pannoniaring\\\/#primaryimage\",\"url\":\"https:\\\/\\\/timgabor.hu\\\/wp-content\\\/uploads\\\/2014\\\/06\\\/speedlightphoto_apex_szlovakiaring_24.jpg\",\"contentUrl\":\"https:\\\/\\\/timgabor.hu\\\/wp-content\\\/uploads\\\/2014\\\/06\\\/speedlightphoto_apex_szlovakiaring_24.jpg\",\"width\":1280,\"height\":720},{\"@type\":\"BreadcrumbList\",\"@id\":\"https:\\\/\\\/timgabor.hu\\\/masodik-felido-jon-pannoniaring\\\/#breadcrumb\",\"itemListElement\":[{\"@type\":\"ListItem\",\"position\":1,\"name\":\"Kezd\u0151lap\",\"item\":\"https:\\\/\\\/timgabor.hu\\\/\"},{\"@type\":\"ListItem\",\"position\":2,\"name\":\"M\u00e1sodik f\u00e9lid\u0151! J\u00f6n Pannoniaring\"}]},{\"@type\":\"WebSite\",\"@id\":\"https:\\\/\\\/timgabor.hu\\\/#website\",\"url\":\"https:\\\/\\\/timgabor.hu\\\/\",\"name\":\"TimGabor.hu\",\"description\":\"Tim G\u00e1bor hivatalos weboldala \\\/ H\u00e9tszeres bajnok aut\u00f3versenyz\u0151\",\"publisher\":{\"@id\":\"https:\\\/\\\/timgabor.hu\\\/#\\\/schema\\\/person\\\/226226f5bdfe2a1cf1501afbb75ebd6a\"},\"potentialAction\":[{\"@type\":\"SearchAction\",\"target\":{\"@type\":\"EntryPoint\",\"urlTemplate\":\"https:\\\/\\\/timgabor.hu\\\/?s={search_term_string}\"},\"query-input\":{\"@type\":\"PropertyValueSpecification\",\"valueRequired\":true,\"valueName\":\"search_term_string\"}}],\"inLanguage\":\"en-GB\"},{\"@type\":[\"Person\",\"Organization\"],\"@id\":\"https:\\\/\\\/timgabor.hu\\\/#\\\/schema\\\/person\\\/226226f5bdfe2a1cf1501afbb75ebd6a\",\"name\":\"emerico\",\"image\":{\"@type\":\"ImageObject\",\"inLanguage\":\"en-GB\",\"@id\":\"https:\\\/\\\/timgabor.hu\\\/wp-content\\\/uploads\\\/2021\\\/09\\\/timgabor2022-350x100-1.svg\",\"url\":\"https:\\\/\\\/timgabor.hu\\\/wp-content\\\/uploads\\\/2021\\\/09\\\/timgabor2022-350x100-1.svg\",\"contentUrl\":\"https:\\\/\\\/timgabor.hu\\\/wp-content\\\/uploads\\\/2021\\\/09\\\/timgabor2022-350x100-1.svg\",\"width\":350,\"height\":100,\"caption\":\"emerico\"},\"logo\":{\"@id\":\"https:\\\/\\\/timgabor.hu\\\/wp-content\\\/uploads\\\/2021\\\/09\\\/timgabor2022-350x100-1.svg\"},\"url\":\"https:\\\/\\\/timgabor.hu\\\/en\\\/author\\\/emerico\\\/\"}]}<\/script>\n<!-- \/ Yoast SEO plugin. -->","yoast_head_json":{"title":"M\u00e1sodik f\u00e9lid\u0151! J\u00f6n Pannoniaring - TimGabor.hu","robots":{"index":"index","follow":"follow","max-snippet":"max-snippet:-1","max-image-preview":"max-image-preview:large","max-video-preview":"max-video-preview:-1"},"canonical":"https:\/\/timgabor.hu\/en\/masodik-felido-jon-pannoniaring\/","og_locale":"en_GB","og_type":"article","og_title":"M\u00e1sodik f\u00e9lid\u0151! J\u00f6n Pannoniaring - TimGabor.hu","og_description":"J\u00f3l indult a 2014-es id\u00e9ny, az RCM Cup els\u0151 n\u00e9gy verseny\u00e9n felv\u00e1ltva j\u00f6ttek a gy\u0151zelmek \u00e9s a m\u00e1sodik helyek. 13 pontos el\u0151ny\u00fcnk volt Slovakiaring el\u0151tt, ami sajnos nem j\u00f6tt \u00f6ssze. F\u00e9kprobl\u00e9ma, kics\u00fasz\u00e1s, v\u00edz\u00e1tfoly\u00e1s, volt itt minden, csak j\u00f3 eredm\u00e9ny nem. Igaz az\u00e9rt a m\u00e1sodik futamon a m\u00e1sodik hely az\u00e9rt fontos volt. L\u00e9nyeg a l\u00e9nyeg, most [&hellip;]","og_url":"https:\/\/timgabor.hu\/en\/masodik-felido-jon-pannoniaring\/","og_site_name":"TimGabor.hu","article_published_time":"2014-06-17T15:09:04+00:00","article_modified_time":"2014-06-17T18:03:25+00:00","og_image":[{"width":1280,"height":720,"url":"https:\/\/timgabor.hu\/wp-content\/uploads\/2014\/06\/speedlightphoto_apex_szlovakiaring_24.jpg","type":"image\/jpeg"}],"author":"emerico","twitter_card":"summary_large_image","twitter_misc":{"Written by":"emerico","Est. reading time":"1 minute"},"schema":{"@context":"https:\/\/schema.org","@graph":[{"@type":"Article","@id":"https:\/\/timgabor.hu\/masodik-felido-jon-pannoniaring\/#article","isPartOf":{"@id":"https:\/\/timgabor.hu\/masodik-felido-jon-pannoniaring\/"},"author":{"name":"emerico","@id":"https:\/\/timgabor.hu\/#\/schema\/person\/226226f5bdfe2a1cf1501afbb75ebd6a"},"headline":"M\u00e1sodik f\u00e9lid\u0151! J\u00f6n Pannoniaring","datePublished":"2014-06-17T15:09:04+00:00","dateModified":"2014-06-17T18:03:25+00:00","mainEntityOfPage":{"@id":"https:\/\/timgabor.hu\/masodik-felido-jon-pannoniaring\/"},"wordCount":255,"commentCount":0,"publisher":{"@id":"https:\/\/timgabor.hu\/#\/schema\/person\/226226f5bdfe2a1cf1501afbb75ebd6a"},"image":{"@id":"https:\/\/timgabor.hu\/masodik-felido-jon-pannoniaring\/#primaryimage"},"thumbnailUrl":"https:\/\/timgabor.hu\/wp-content\/uploads\/2014\/06\/speedlightphoto_apex_szlovakiaring_24.jpg","keywords":["2014","H\u00edrek \/ News","pannoniaring","rcm cup","twitter"],"articleSection":["H\u00edrek","RCM Cup"],"inLanguage":"en-GB","potentialAction":[{"@type":"CommentAction","name":"Comment","target":["https:\/\/timgabor.hu\/masodik-felido-jon-pannoniaring\/#respond"]}]},{"@type":"WebPage","@id":"https:\/\/timgabor.hu\/masodik-felido-jon-pannoniaring\/","url":"https:\/\/timgabor.hu\/masodik-felido-jon-pannoniaring\/","name":"M\u00e1sodik f\u00e9lid\u0151! J\u00f6n Pannoniaring - TimGabor.hu","isPartOf":{"@id":"https:\/\/timgabor.hu\/#website"},"primaryImageOfPage":{"@id":"https:\/\/timgabor.hu\/masodik-felido-jon-pannoniaring\/#primaryimage"},"image":{"@id":"https:\/\/timgabor.hu\/masodik-felido-jon-pannoniaring\/#primaryimage"},"thumbnailUrl":"https:\/\/timgabor.hu\/wp-content\/uploads\/2014\/06\/speedlightphoto_apex_szlovakiaring_24.jpg","datePublished":"2014-06-17T15:09:04+00:00","dateModified":"2014-06-17T18:03:25+00:00","breadcrumb":{"@id":"https:\/\/timgabor.hu\/masodik-felido-jon-pannoniaring\/#breadcrumb"},"inLanguage":"en-GB","potentialAction":[{"@type":"ReadAction","target":["https:\/\/timgabor.hu\/masodik-felido-jon-pannoniaring\/"]}]},{"@type":"ImageObject","inLanguage":"en-GB","@id":"https:\/\/timgabor.hu\/masodik-felido-jon-pannoniaring\/#primaryimage","url":"https:\/\/timgabor.hu\/wp-content\/uploads\/2014\/06\/speedlightphoto_apex_szlovakiaring_24.jpg","contentUrl":"https:\/\/timgabor.hu\/wp-content\/uploads\/2014\/06\/speedlightphoto_apex_szlovakiaring_24.jpg","width":1280,"height":720},{"@type":"BreadcrumbList","@id":"https:\/\/timgabor.hu\/masodik-felido-jon-pannoniaring\/#breadcrumb","itemListElement":[{"@type":"ListItem","position":1,"name":"Kezd\u0151lap","item":"https:\/\/timgabor.hu\/"},{"@type":"ListItem","position":2,"name":"M\u00e1sodik f\u00e9lid\u0151! J\u00f6n Pannoniaring"}]},{"@type":"WebSite","@id":"https:\/\/timgabor.hu\/#website","url":"https:\/\/timgabor.hu\/","name":"TimGabor.hu","description":"Tim G\u00e1bor hivatalos weboldala \/ H\u00e9tszeres bajnok aut\u00f3versenyz\u0151","publisher":{"@id":"https:\/\/timgabor.hu\/#\/schema\/person\/226226f5bdfe2a1cf1501afbb75ebd6a"},"potentialAction":[{"@type":"SearchAction","target":{"@type":"EntryPoint","urlTemplate":"https:\/\/timgabor.hu\/?s={search_term_string}"},"query-input":{"@type":"PropertyValueSpecification","valueRequired":true,"valueName":"search_term_string"}}],"inLanguage":"en-GB"},{"@type":["Person","Organization"],"@id":"https:\/\/timgabor.hu\/#\/schema\/person\/226226f5bdfe2a1cf1501afbb75ebd6a","name":"emerico","image":{"@type":"ImageObject","inLanguage":"en-GB","@id":"https:\/\/timgabor.hu\/wp-content\/uploads\/2021\/09\/timgabor2022-350x100-1.svg","url":"https:\/\/timgabor.hu\/wp-content\/uploads\/2021\/09\/timgabor2022-350x100-1.svg","contentUrl":"https:\/\/timgabor.hu\/wp-content\/uploads\/2021\/09\/timgabor2022-350x100-1.svg","width":350,"height":100,"caption":"emerico"},"logo":{"@id":"https:\/\/timgabor.hu\/wp-content\/uploads\/2021\/09\/timgabor2022-350x100-1.svg"},"url":"https:\/\/timgabor.hu\/en\/author\/emerico\/"}]}},"_links":{"self":[{"href":"https:\/\/timgabor.hu\/en\/wp-json\/wp\/v2\/posts\/3369","targetHints":{"allow":["GET"]}}],"collection":[{"href":"https:\/\/timgabor.hu\/en\/wp-json\/wp\/v2\/posts"}],"about":[{"href":"https:\/\/timgabor.hu\/en\/wp-json\/wp\/v2\/types\/post"}],"author":[{"embeddable":true,"href":"https:\/\/timgabor.hu\/en\/wp-json\/wp\/v2\/users\/1"}],"replies":[{"embeddable":true,"href":"https:\/\/timgabor.hu\/en\/wp-json\/wp\/v2\/comments?post=3369"}],"version-history":[{"count":1,"href":"https:\/\/timgabor.hu\/en\/wp-json\/wp\/v2\/posts\/3369\/revisions"}],"predecessor-version":[{"id":3372,"href":"https:\/\/timgabor.hu\/en\/wp-json\/wp\/v2\/posts\/3369\/revisions\/3372"}],"wp:featuredmedia":[{"embeddable":true,"href":"https:\/\/timgabor.hu\/en\/wp-json\/wp\/v2\/media\/3370"}],"wp:attachment":[{"href":"https:\/\/timgabor.hu\/en\/wp-json\/wp\/v2\/media?parent=3369"}],"wp:term":[{"taxonomy":"category","embeddable":true,"href":"https:\/\/timgabor.hu\/en\/wp-json\/wp\/v2\/categories?post=3369"},{"taxonomy":"post_tag","embeddable":true,"href":"https:\/\/timgabor.hu\/en\/wp-json\/wp\/v2\/tags?post=3369"}],"curies":[{"name":"wp","href":"https:\/\/api.w.org\/{rel}","templated":true}]}}